{"id":2685,"date":"2026-01-15T18:08:26","date_gmt":"2026-01-15T16:08:26","guid":{"rendered":"https:\/\/www.warjakkalaiset.fi\/?p=2685"},"modified":"2026-01-15T18:08:26","modified_gmt":"2026-01-15T16:08:26","slug":"warjakan-perhekuperkeikka-jatkuu-jalleen-sunnuntaina-%f0%9f%92%9b","status":"publish","type":"post","link":"https:\/\/www.warjakkalaiset.fi\/?p=2685","title":{"rendered":"Warjakan Perhekuperkeikka jatkuu j\u00e4lleen sunnuntaina \ud83d\udc9b"},"content":{"rendered":"\n<figure class=\"wp-block-image size-large\"><a href=\"https:\/\/www.warjakkalaiset.fi\/wp-content\/uploads\/2026\/01\/42BFCBCE-30AC-4DA7-9014-E7BBB6FE58D4.jpeg\"><img loading=\"lazy\" width=\"819\" height=\"1024\" src=\"https:\/\/www.warjakkalaiset.fi\/wp-content\/uploads\/2026\/01\/42BFCBCE-30AC-4DA7-9014-E7BBB6FE58D4-819x1024.jpeg\" alt=\"\" class=\"wp-image-2686\" srcset=\"https:\/\/www.warjakkalaiset.fi\/wp-content\/uploads\/2026\/01\/42BFCBCE-30AC-4DA7-9014-E7BBB6FE58D4-819x1024.jpeg 819w, https:\/\/www.warjakkalaiset.fi\/wp-content\/uploads\/2026\/01\/42BFCBCE-30AC-4DA7-9014-E7BBB6FE58D4-240x300.jpeg 240w, https:\/\/www.warjakkalaiset.fi\/wp-content\/uploads\/2026\/01\/42BFCBCE-30AC-4DA7-9014-E7BBB6FE58D4-768x960.jpeg 768w, https:\/\/www.warjakkalaiset.fi\/wp-content\/uploads\/2026\/01\/42BFCBCE-30AC-4DA7-9014-E7BBB6FE58D4.jpeg 1080w\" sizes=\"(max-width: 819px) 100vw, 819px\" \/><\/a><\/figure>\n\n\n\n<p><\/p>\n\n\n\n<p>Perhekuperkeikka 18.1. alkaen joka toinen sunnuntai Salonp\u00e4\u00e4n koulun salissa klo 10-12 (k\u00e4ynti F -ovesta).&nbsp;<\/p>\n\n\n\n<p>Kuperkeikassa perheill\u00e4 mahdollisuus liikkua ja leikki\u00e4 yhdess\u00e4. Kuperkeikassa ei ole ohjattua toimintaa, vaan koulun liikuntasali ja v\u00e4lineist\u00f6 ovat osallistujien vapaassa k\u00e4yt\u00f6ss\u00e4. Leikkim\u00e4\u00e4n p\u00e4\u00e4see oman vanhemman kanssa ja lapset ovat oman vanhemman vastuulla. Tilaisuus on kaikille avoin ja ilmainen.<\/p>\n\n\n\n<p>Perhekuperkeikka j\u00e4rjestet\u00e4\u00e4n Warjakkalaiset ry:n toimesta ja toteutetaan yhteisty\u00f6ss\u00e4 Oulun kaupungin kanssa.<\/p>\n\n\n\n<p>Tuu mukaan liikkumaan ja leikkim\u00e4\u00e4n yhdess\u00e4 \ud83c\udfc0\ud83c\udff8\u26bd\ufe0f\ud83e\udd45\ud83c\udfc3\u200d\u2640\ufe0f\u200d\u27a1\ufe0f\ud83e\udd38<\/p>\n\n\n\n<p>#warjakkalaiset #warjakka #oulunsalonvarjakka #kyl\u00e4 #kyl\u00e4toiminta #perhekuperkeikka #perheaikaa #lapsetliikkuu @cityofoulu @niemenrantasalopaa<\/p>\n","protected":false},"excerpt":{"rendered":"<p>Perhekuperkeikka 18.1. alkaen joka toinen sunnuntai Salonp\u00e4\u00e4n koulun salissa klo 10-12 (k\u00e4ynti F -ovesta).&nbsp; Kuperkeikassa perheill\u00e4 mahdollisuus liikkua ja leikki\u00e4 yhdess\u00e4. Kuperkeikassa ei ole ohjattua toimintaa, vaan koulun liikuntasali ja v\u00e4lineist\u00f6 ovat osallistujien vapaassa k\u00e4yt\u00f6ss\u00e4. Leikkim\u00e4\u00e4n p\u00e4\u00e4see oman vanhemman kanssa &hellip; <a href=\"https:\/\/www.warjakkalaiset.fi\/?p=2685\">Lue loppuun <span class=\"meta-nav\">&rarr;<\/span><\/a><\/p>\n","protected":false},"author":5,"featured_media":0,"comment_status":"closed","ping_status":"","sticky":false,"template":"","format":"standard","meta":[],"categories":[1],"tags":[],"_links":{"self":[{"href":"https:\/\/www.warjakkalaiset.fi\/index.php?rest_route=\/wp\/v2\/posts\/2685"}],"collection":[{"href":"https:\/\/www.warjakkalaiset.fi\/index.php?rest_route=\/wp\/v2\/posts"}],"about":[{"href":"https:\/\/www.warjakkalaiset.fi\/index.php?rest_route=\/wp\/v2\/types\/post"}],"author":[{"embeddable":true,"href":"https:\/\/www.warjakkalaiset.fi\/index.php?rest_route=\/wp\/v2\/users\/5"}],"replies":[{"embeddable":true,"href":"https:\/\/www.warjakkalaiset.fi\/index.php?rest_route=%2Fwp%2Fv2%2Fcomments&post=2685"}],"version-history":[{"count":1,"href":"https:\/\/www.warjakkalaiset.fi\/index.php?rest_route=\/wp\/v2\/posts\/2685\/revisions"}],"predecessor-version":[{"id":2687,"href":"https:\/\/www.warjakkalaiset.fi\/index.php?rest_route=\/wp\/v2\/posts\/2685\/revisions\/2687"}],"wp:attachment":[{"href":"https:\/\/www.warjakkalaiset.fi\/index.php?rest_route=%2Fwp%2Fv2%2Fmedia&parent=2685"}],"wp:term":[{"taxonomy":"category","embeddable":true,"href":"https:\/\/www.warjakkalaiset.fi\/index.php?rest_route=%2Fwp%2Fv2%2Fcategories&post=2685"},{"taxonomy":"post_tag","embeddable":true,"href":"https:\/\/www.warjakkalaiset.fi\/index.php?rest_route=%2Fwp%2Fv2%2Ftags&post=2685"}],"curies":[{"name":"wp","href":"https:\/\/api.w.org\/{rel}","templated":true}]}}