{"id":1725,"date":"2022-08-19T15:56:09","date_gmt":"2022-08-19T12:56:09","guid":{"rendered":"https:\/\/www.warjakkalaiset.fi\/?p=1725"},"modified":"2022-08-19T16:03:47","modified_gmt":"2022-08-19T13:03:47","slug":"kokkikerho-kylatalolla-syyskuussa","status":"publish","type":"post","link":"https:\/\/www.warjakkalaiset.fi\/?p=1725","title":{"rendered":"Lasten kokkikerho Kyl\u00e4talolla syyskuussa"},"content":{"rendered":"<div class=\"wp-block-image\">\n<figure class=\"aligncenter size-large is-resized\"><a href=\"https:\/\/www.warjakkalaiset.fi\/wp-content\/uploads\/2022\/08\/0C3AAA72-34CC-4CEB-A09B-4DD80356913C.jpeg\"><img loading=\"lazy\" src=\"https:\/\/www.warjakkalaiset.fi\/wp-content\/uploads\/2022\/08\/0C3AAA72-34CC-4CEB-A09B-4DD80356913C-796x1024.jpeg\" alt=\"\" class=\"wp-image-1726\" width=\"398\" height=\"512\" srcset=\"https:\/\/www.warjakkalaiset.fi\/wp-content\/uploads\/2022\/08\/0C3AAA72-34CC-4CEB-A09B-4DD80356913C-796x1024.jpeg 796w, https:\/\/www.warjakkalaiset.fi\/wp-content\/uploads\/2022\/08\/0C3AAA72-34CC-4CEB-A09B-4DD80356913C-233x300.jpeg 233w, https:\/\/www.warjakkalaiset.fi\/wp-content\/uploads\/2022\/08\/0C3AAA72-34CC-4CEB-A09B-4DD80356913C-768x988.jpeg 768w, https:\/\/www.warjakkalaiset.fi\/wp-content\/uploads\/2022\/08\/0C3AAA72-34CC-4CEB-A09B-4DD80356913C.jpeg 1080w\" sizes=\"(max-width: 398px) 100vw, 398px\" \/><\/a><\/figure><\/div>\n\n\n<p><\/p>\n\n\n\n<p>Kyl\u00e4talolla (Helasentie 13) j\u00e4rjestet\u00e4\u00e4n syyskuussa 2022 lasten kokkikerho!<\/p>\n\n\n\n<p>Toiminta on tarkoitettu 1-6 -luokkalaisille. Kerho kokoontuu yhteens\u00e4 5 kertaa torstaisin 1.9. &#8211; 29.9 klo. 15-17. Ei osallistumismaksua.\u00a0<\/p>\n\n\n\n<p>Ilmoittautumiset Mirja Vaheralle 31.8. menness\u00e4 (p. 044 520 9288).\u00a0<\/p>\n\n\n\n<p>Tuu kokkailemaan yhdess\u00e4&nbsp;\ud83e\udde1&nbsp;<\/p>\n\n\n\n<p>&nbsp;#warjakkalaiset #varjakka #kokkikerho #kokkailuonkivaa #yhdess\u00e4&nbsp;<\/p>\n","protected":false},"excerpt":{"rendered":"<p>Kyl\u00e4talolla (Helasentie 13) j\u00e4rjestet\u00e4\u00e4n syyskuussa 2022 lasten kokkikerho! Toiminta on tarkoitettu 1-6 -luokkalaisille. Kerho kokoontuu yhteens\u00e4 5 kertaa torstaisin 1.9. &#8211; 29.9 klo. 15-17. Ei osallistumismaksua.\u00a0 Ilmoittautumiset Mirja Vaheralle 31.8. menness\u00e4 (p. 044 520 9288).\u00a0 Tuu kokkailemaan yhdess\u00e4&nbsp;\ud83e\udde1&nbsp; &nbsp;#warjakkalaiset #varjakka &hellip; <a href=\"https:\/\/www.warjakkalaiset.fi\/?p=1725\">Lue loppuun <span class=\"meta-nav\">&rarr;<\/span><\/a><\/p>\n","protected":false},"author":5,"featured_media":0,"comment_status":"closed","ping_status":"","sticky":false,"template":"","format":"standard","meta":[],"categories":[1],"tags":[],"_links":{"self":[{"href":"https:\/\/www.warjakkalaiset.fi\/index.php?rest_route=\/wp\/v2\/posts\/1725"}],"collection":[{"href":"https:\/\/www.warjakkalaiset.fi\/index.php?rest_route=\/wp\/v2\/posts"}],"about":[{"href":"https:\/\/www.warjakkalaiset.fi\/index.php?rest_route=\/wp\/v2\/types\/post"}],"author":[{"embeddable":true,"href":"https:\/\/www.warjakkalaiset.fi\/index.php?rest_route=\/wp\/v2\/users\/5"}],"replies":[{"embeddable":true,"href":"https:\/\/www.warjakkalaiset.fi\/index.php?rest_route=%2Fwp%2Fv2%2Fcomments&post=1725"}],"version-history":[{"count":4,"href":"https:\/\/www.warjakkalaiset.fi\/index.php?rest_route=\/wp\/v2\/posts\/1725\/revisions"}],"predecessor-version":[{"id":1732,"href":"https:\/\/www.warjakkalaiset.fi\/index.php?rest_route=\/wp\/v2\/posts\/1725\/revisions\/1732"}],"wp:attachment":[{"href":"https:\/\/www.warjakkalaiset.fi\/index.php?rest_route=%2Fwp%2Fv2%2Fmedia&parent=1725"}],"wp:term":[{"taxonomy":"category","embeddable":true,"href":"https:\/\/www.warjakkalaiset.fi\/index.php?rest_route=%2Fwp%2Fv2%2Fcategories&post=1725"},{"taxonomy":"post_tag","embeddable":true,"href":"https:\/\/www.warjakkalaiset.fi\/index.php?rest_route=%2Fwp%2Fv2%2Ftags&post=1725"}],"curies":[{"name":"wp","href":"https:\/\/api.w.org\/{rel}","templated":true}]}}